{"id":374,"date":"2017-11-02T12:04:17","date_gmt":"2017-11-02T11:04:17","guid":{"rendered":"https:\/\/www.siafitalia.it\/veneto\/?p=374"},"modified":"2017-11-02T12:04:17","modified_gmt":"2017-11-02T11:04:17","slug":"terza-giornata-siaf-veneto-in-formazione","status":"publish","type":"post","link":"https:\/\/www.siafitalia.it\/veneto\/terza-giornata-siaf-veneto-in-formazione\/","title":{"rendered":"TERZA GIORNATA SIAF VENETO: IN-FORMAZIONE"},"content":{"rendered":"<blockquote>\n<div class=\"m_-1173525119885658782ox-9c80bf64f7-io-ox-signature\">\n<p>Cari soci,<\/p>\n<p>come gi\u00e0 precedentemente comunicato, siamo alle porte della nostra:<\/p>\n<p><strong>TERZA\u00a0GIORNATA SIAF VENETO: IN-FORMAZIONE<\/strong><\/p>\n<p>Il giorno <strong>17 NOVEMBRE<\/strong><strong>, dalle ore 9.30 alle ore 17.30<\/strong>, presso la sede del Centro Antonianum, <a href=\"https:\/\/maps.google.com\/?q=via+Prato+della+Valle+56,+Padova&amp;entry=gmail&amp;source=g\">via Prato della Valle 56, Padova<\/a>, vi riproponiamo questa giornata che unisce il doppio obiettivo di fornirci informazioni preziose per le nostre professioni, e costruire con pazienza ed entusiasmo, una rete di informazione e di collaborazione efficace, ricca e creativa.<\/p>\n<p>Questo il programma della giornata:<\/p>\n<p>1) ore 9.30:\u00a0<strong>accoglienza e registrazione partecipanti.<\/strong><\/p>\n<p>2) ore 10.00 &#8211; 13.00:\u00a0<strong>Incontro con\u00a0 Elena Paccagnella, vicepresidente Siaf Veneto, consulente filosofica ed esperta in comunicazione e marketing:<\/strong>\u00a0effettuer\u00e0 un intervento dal titolo:<\/p>\n<p><strong>&#8220;Dove vai se non sai chi sei. Come orientare la comunicazione e le scelte di marketing nella formazione e nei servizi&#8221;.<\/strong><\/p>\n<p>3) ore 13.00:<\/p>\n<p><strong>ASSEMBLEA ANNUALE SOCI SIAF VENETO<\/strong><\/p>\n<p><strong>con il seguente ordine del giorno:<\/strong><\/p>\n<p><strong>&#8211; approvazione bilancio 2016;<\/strong><\/p>\n<p><strong>&#8211; nuove proposte per l&#8217;anno 2018;<\/strong><\/p>\n<p><strong>&#8211; relazione convegno nazionale 2017 a Desenzano;<\/strong><\/p>\n<p><strong>&#8211; proposte dei soci;<\/strong><\/p>\n<p><strong>&#8211; varie ed eventuali.<\/strong><\/p>\n<p>4) ore 15.00 &#8211; 17.30:<\/p>\n<p>Continuiamo a far conoscere e a promuovere le attivit\u00e0 dei singoli soci veneto, dedicando questo spazio all&#8217;interno dei consueti incontri regionali per conoscere le diverse professionalit\u00e0 (naturopati, arteterapeuti, couselor, counselor olistici, operatori olistici, armonizzatori famigliari). Un&#8217;occasione per dare visibilit\u00e0 ai soci e per scoprire possibili sinergie, collaborazioni e conoscenze. L\u2019associazione pu\u00f2 essere proprio la prima vetrina per promuovere e far conoscere le tante e bellissime attivit\u00e0 presenti nel territorio: per questo vi chiediamo la disponibilit\u00e0 di presentare, all\u2019 interno dell\u2019assemblea pomeridiana, la vostra professione, seguendo queste semplici indicazioni:<\/p>\n<ul>\n<li>Durata: 1 h di presentazione pratico-teorica<\/li>\n<li>Tema:\u00a0<strong>\u201cArmonizzare gli spazi, le relazioni e il s\u00e9\u201d<\/strong><\/li>\n<\/ul>\n<p>Sar\u00e0 sicuramente \u00a0apprezzato il coinvolgimento della platea con attivit\u00e0 pratico esperienziali.\u00a0Come le scorse volte, daremo spazio a due proposte.<\/p>\n<p>Per chi fosse interessato a proporsi, inviare una mail a\u00a0<strong><a class=\"m_-1173525119885658782ox-9c80bf64f7-ox-b4c3e12c2f-ox-0d72a5ad54-ox-614de75805-ox-02193677b2-mailto-link m_-1173525119885658782ox-9c80bf64f7-mailto-link\" href=\"mailto:veneto@siafitalia.it\" target=\"_blank\">veneto@siafitalia.it<\/a><\/strong>, con un programma di massima\u00a0<strong>entro il 7\/11\/2017.<\/strong><\/p>\n<p>Il direttivo valuter\u00e0 le singole proposte e comunicher\u00e0 la sua scelta entro il giorno\u00a011 novembre\u00a02017.<\/p>\n<p>Essendo un\u2019iniziativa di formazione, per la giornata\u00a0<strong>verranno corrisposti 12 ECP.<\/strong><\/p>\n<p><strong>Tutti i soci partecipanti avranno la possibilit\u00e0 di portare il proprio materiale divulgativo ed informativo.<\/strong><\/p>\n<p>Le adesioni per la giornata (con il relativo pagamento), dovranno pervenire a questo indirizzo di posta elettronica (<a class=\"m_-1173525119885658782ox-9c80bf64f7-ox-b4c3e12c2f-ox-0d72a5ad54-ox-614de75805-ox-02193677b2-mailto-link m_-1173525119885658782ox-9c80bf64f7-mailto-link\" href=\"mailto:veneto@siafitalia.it\" target=\"_blank\">veneto@siafitalia.it<\/a>), entro e non oltre il\u00a014 novembre\u00a02017, in modo da dare il tempo di organizzare il lavoro a chi far\u00e0 le proposte in base al numero dei partecipanti.<\/p>\n<p>Il contributo richiesto per la partecipazione all\u2019intera \u00a0giornata, \u00e8 di \u20ac. 20,00. Da versare nella seguente modalit\u00e0:<\/p>\n<ul>\n<li>bonifico su conto intestato a :\u00a0<strong>SIAF ITALIA<em>. IBAN: IT04H0503402807000000001151<\/em><\/strong><\/li>\n<li>Causale: iscrizione giornata In-formazione Veneto 17\/11\/17, nome cognome.<\/li>\n<\/ul>\n<p><strong>Si richiede di inviare conferma via mail a questo indirizzo, con copia del bonifico effettuato, e nome e cognome, data e luogo di nascita per preparare l&#8217;attestato ECP.<\/strong><\/p>\n<p><strong>COME ARRIVARE\u00a0<\/strong><\/p>\n<p>La sede \u00e8 raggiungibile con il TRAM, oppure tramite gli autobus 13 e 18 con fermata \u00a0in Prato della Valle. Sono a disposizione dei soci una trentina di parcheggi gratuiti presso l\u2019 Antonianum. Invitiamo ad usare i mezzi pubblici per quanto possibile in modo da agevolare i colleghi che vengono da fuori citt\u00e0 e che possono trovare maggior disagio in una citt\u00e0 meno conosciuta.<br \/>\n<strong>Si ricorda di presentarsi con tesserino Siaf e in regola con la quota associativa<\/strong>.<\/p>\n<p>Sperando che questa giornata, che noi del direttivo abbiamo con tanto entusiasmo preparato, vi sia gradita, attendiamo le vostre domande, iscrizioni e proposte.<\/p>\n<p>Per altre info resto a completa disposizione.<\/p>\n<p>&nbsp;<\/p>\n<p>Un caro saluto<br \/>\nAnnalisa Meneghini<\/p>\n<p>Presidenza SIAF Veneto<br \/>\nTel. <a href=\"tel:371%20155%203940\" target=\"_blank\">(+39) 371 155 3940<\/a><br \/>\n<a href=\"https:\/\/www.siafitalia.it\/veneto\/\" target=\"_blank\">https:\/\/www.siafitalia.it\/veneto\/<\/a><\/p>\n<p>Riferimento Nazionale SIAF Italia <a href=\"https:\/\/www.siafitalia.it\/\" target=\"_blank\">https:\/\/www.siafitalia.it\/<\/a><\/p>\n<p>SIAF Italia\u00a0\u2013 Regione Veneto<br \/>\nProfessionisti disciplinati ai sensi della legge 4\/2013<\/p>\n<\/div>\n<\/blockquote>\n","protected":false},"excerpt":{"rendered":"<p>Cari soci, come gi\u00e0 precedentemente comunicato, siamo alle porte della nostra: TERZA\u00a0GIORNATA SIAF VENETO: IN-FORMAZIONE Il giorno 17 NOVEMBRE, dalle ore 9.30 alle ore 17.30, presso la sede del Centro Antonianum, via Prato della Valle 56, Padova, vi riproponiamo questa giornata che unisce il doppio obiettivo di fornirci informazioni preziose per le nostre professioni, e [&hellip;]<\/p>\n","protected":false},"author":16,"featured_media":372,"comment_status":"closed","ping_status":"closed","sticky":false,"template":"","format":"standard","meta":{"footnotes":""},"categories":[7,9],"tags":[],"yoast_head":"<!-- This site is optimized with the Yoast SEO plugin v22.0 - https:\/\/yoast.com\/wordpress\/plugins\/seo\/ -->\r\n<title>TERZA GIORNATA SIAF VENETO: IN-FORMAZIONE - SIAF Veneto<\/title>\r\n<meta name=\"robots\" content=\"index, follow, max-snippet:-1, max-image-preview:large, max-video-preview:-1\" \/>\r\n<link rel=\"canonical\" href=\"https:\/\/www.siafitalia.it\/veneto\/terza-giornata-siaf-veneto-in-formazione\/\" \/>\r\n<meta name=\"twitter:label1\" content=\"Scritto da\" \/>\n\t<meta name=\"twitter:data1\" content=\"veneto\" \/>\n\t<meta name=\"twitter:label2\" content=\"Tempo di lettura stimato\" \/>\n\t<meta name=\"twitter:data2\" content=\"3 minuti\" \/>\r\n<script type=\"application\/ld+json\" class=\"yoast-schema-graph\">{\"@context\":\"https:\/\/schema.org\",\"@graph\":[{\"@type\":\"WebPage\",\"@id\":\"https:\/\/www.siafitalia.it\/veneto\/terza-giornata-siaf-veneto-in-formazione\/\",\"url\":\"https:\/\/www.siafitalia.it\/veneto\/terza-giornata-siaf-veneto-in-formazione\/\",\"name\":\"TERZA GIORNATA SIAF VENETO: IN-FORMAZIONE - SIAF Veneto\",\"isPartOf\":{\"@id\":\"https:\/\/www.siafitalia.it\/veneto\/#website\"},\"datePublished\":\"2017-11-02T11:04:17+00:00\",\"dateModified\":\"2017-11-02T11:04:17+00:00\",\"author\":{\"@id\":\"https:\/\/www.siafitalia.it\/veneto\/#\/schema\/person\/0983ac07207b0202eebda0e627e1f136\"},\"inLanguage\":\"it-IT\",\"potentialAction\":[{\"@type\":\"ReadAction\",\"target\":[\"https:\/\/www.siafitalia.it\/veneto\/terza-giornata-siaf-veneto-in-formazione\/\"]}]},{\"@type\":\"WebSite\",\"@id\":\"https:\/\/www.siafitalia.it\/veneto\/#website\",\"url\":\"https:\/\/www.siafitalia.it\/veneto\/\",\"name\":\"SIAF Veneto\",\"description\":\"Societa&#039; Italiana Armonizzatori Familiari,\",\"potentialAction\":[{\"@type\":\"SearchAction\",\"target\":{\"@type\":\"EntryPoint\",\"urlTemplate\":\"https:\/\/www.siafitalia.it\/veneto\/?s={search_term_string}\"},\"query-input\":\"required name=search_term_string\"}],\"inLanguage\":\"it-IT\"},{\"@type\":\"Person\",\"@id\":\"https:\/\/www.siafitalia.it\/veneto\/#\/schema\/person\/0983ac07207b0202eebda0e627e1f136\",\"name\":\"veneto\",\"image\":{\"@type\":\"ImageObject\",\"inLanguage\":\"it-IT\",\"@id\":\"https:\/\/www.siafitalia.it\/veneto\/#\/schema\/person\/image\/\",\"url\":\"https:\/\/secure.gravatar.com\/avatar\/f997456e04bc7d2cf2d952bd2d1fef2c?s=96&d=mm&r=g\",\"contentUrl\":\"https:\/\/secure.gravatar.com\/avatar\/f997456e04bc7d2cf2d952bd2d1fef2c?s=96&d=mm&r=g\",\"caption\":\"veneto\"},\"url\":\"https:\/\/www.siafitalia.it\/veneto\/author\/veneto\/\"}]}<\/script>\r\n<!-- \/ Yoast SEO plugin. -->","yoast_head_json":{"title":"TERZA GIORNATA SIAF VENETO: IN-FORMAZIONE - SIAF Veneto","robots":{"index":"index","follow":"follow","max-snippet":"max-snippet:-1","max-image-preview":"max-image-preview:large","max-video-preview":"max-video-preview:-1"},"canonical":"https:\/\/www.siafitalia.it\/veneto\/terza-giornata-siaf-veneto-in-formazione\/","twitter_misc":{"Scritto da":"veneto","Tempo di lettura stimato":"3 minuti"},"schema":{"@context":"https:\/\/schema.org","@graph":[{"@type":"WebPage","@id":"https:\/\/www.siafitalia.it\/veneto\/terza-giornata-siaf-veneto-in-formazione\/","url":"https:\/\/www.siafitalia.it\/veneto\/terza-giornata-siaf-veneto-in-formazione\/","name":"TERZA GIORNATA SIAF VENETO: IN-FORMAZIONE - SIAF Veneto","isPartOf":{"@id":"https:\/\/www.siafitalia.it\/veneto\/#website"},"datePublished":"2017-11-02T11:04:17+00:00","dateModified":"2017-11-02T11:04:17+00:00","author":{"@id":"https:\/\/www.siafitalia.it\/veneto\/#\/schema\/person\/0983ac07207b0202eebda0e627e1f136"},"inLanguage":"it-IT","potentialAction":[{"@type":"ReadAction","target":["https:\/\/www.siafitalia.it\/veneto\/terza-giornata-siaf-veneto-in-formazione\/"]}]},{"@type":"WebSite","@id":"https:\/\/www.siafitalia.it\/veneto\/#website","url":"https:\/\/www.siafitalia.it\/veneto\/","name":"SIAF Veneto","description":"Societa&#039; Italiana Armonizzatori Familiari,","potentialAction":[{"@type":"SearchAction","target":{"@type":"EntryPoint","urlTemplate":"https:\/\/www.siafitalia.it\/veneto\/?s={search_term_string}"},"query-input":"required name=search_term_string"}],"inLanguage":"it-IT"},{"@type":"Person","@id":"https:\/\/www.siafitalia.it\/veneto\/#\/schema\/person\/0983ac07207b0202eebda0e627e1f136","name":"veneto","image":{"@type":"ImageObject","inLanguage":"it-IT","@id":"https:\/\/www.siafitalia.it\/veneto\/#\/schema\/person\/image\/","url":"https:\/\/secure.gravatar.com\/avatar\/f997456e04bc7d2cf2d952bd2d1fef2c?s=96&d=mm&r=g","contentUrl":"https:\/\/secure.gravatar.com\/avatar\/f997456e04bc7d2cf2d952bd2d1fef2c?s=96&d=mm&r=g","caption":"veneto"},"url":"https:\/\/www.siafitalia.it\/veneto\/author\/veneto\/"}]}},"_links":{"self":[{"href":"https:\/\/www.siafitalia.it\/veneto\/wp-json\/wp\/v2\/posts\/374"}],"collection":[{"href":"https:\/\/www.siafitalia.it\/veneto\/wp-json\/wp\/v2\/posts"}],"about":[{"href":"https:\/\/www.siafitalia.it\/veneto\/wp-json\/wp\/v2\/types\/post"}],"author":[{"embeddable":true,"href":"https:\/\/www.siafitalia.it\/veneto\/wp-json\/wp\/v2\/users\/16"}],"replies":[{"embeddable":true,"href":"https:\/\/www.siafitalia.it\/veneto\/wp-json\/wp\/v2\/comments?post=374"}],"version-history":[{"count":1,"href":"https:\/\/www.siafitalia.it\/veneto\/wp-json\/wp\/v2\/posts\/374\/revisions"}],"predecessor-version":[{"id":375,"href":"https:\/\/www.siafitalia.it\/veneto\/wp-json\/wp\/v2\/posts\/374\/revisions\/375"}],"wp:featuredmedia":[{"embeddable":true,"href":"https:\/\/www.siafitalia.it\/veneto\/wp-json\/wp\/v2\/media\/372"}],"wp:attachment":[{"href":"https:\/\/www.siafitalia.it\/veneto\/wp-json\/wp\/v2\/media?parent=374"}],"wp:term":[{"taxonomy":"category","embeddable":true,"href":"https:\/\/www.siafitalia.it\/veneto\/wp-json\/wp\/v2\/categories?post=374"},{"taxonomy":"post_tag","embeddable":true,"href":"https:\/\/www.siafitalia.it\/veneto\/wp-json\/wp\/v2\/tags?post=374"}],"curies":[{"name":"wp","href":"https:\/\/api.w.org\/{rel}","templated":true}]}}