{"id":371,"date":"2017-07-27T12:11:31","date_gmt":"2017-07-27T10:11:31","guid":{"rendered":"https:\/\/www.siafitalia.it\/veneto\/?p=371"},"modified":"2017-07-27T12:11:31","modified_gmt":"2017-07-27T10:11:31","slug":"seconda-giornata-siaf-veneto-in-formazione","status":"publish","type":"post","link":"https:\/\/www.siafitalia.it\/veneto\/seconda-giornata-siaf-veneto-in-formazione\/","title":{"rendered":"SECONDA GIORNATA SIAF VENETO: IN-FORMAZIONE"},"content":{"rendered":"<blockquote>\n<div class=\"m_7136336604552780969ox-0d72a5ad54-ox-614de75805-ox-02193677b2-io-ox-signature\">\n<p>Il giorno <strong>18 settembre\u00a02017, dalle ore 9.30 alle ore 17.30<\/strong>, presso la sede del Centro Antonianum, via Prato della Valle 56, Padova, vi riproponiamo questa giornata che unisce il doppio obiettivo di fornirci informazioni preziose per le nostre professioni, e di continuare\u00a0il percorso iniziato lo scorso novembre: costruire con pazienza ed entusiasmo, una rete di informazione e di collaborazione efficace, ricca e creativa.<\/p>\n<p>Questo il programma:<\/p>\n<p>1) ore 9.30: <strong>accoglienza e registrazione partecipanti.<\/strong><\/p>\n<p>2) ore 10.00 &#8211; 15.00 (con pausa pranzo dalle 13 alle 14):\u00a0<strong>Incontro con \u00a0l&#8217;esperto di web marketing sig. Alessio Casarolli<\/strong><strong>:<\/strong>\u00a0effettuer\u00e0 un intervento dal titolo:<strong> &#8220;Le cinque colonne dell&#8217;attivit\u00e0 on-line 2017&#8221;:<\/strong><\/p>\n<ul>\n<li>Sito strategico: come deve essere impostato un sito per aumentare immagine, clienti e reputazione?<\/li>\n<li>Branding: Farsi scegliere rispetto alla concorrenza.<\/li>\n<li>Copywriting: Scrivere per vendere.<\/li>\n<li>Social Network: Utilizzo dei canali sociali per amplificare e far conoscere la propria attivit\u00e0.<\/li>\n<li>Advertising: Conviene fare della pubblicit\u00e0 in internet?<\/li>\n<\/ul>\n<p>3) ore 15.00 &#8211; 17.00:\u00a0<strong>Impariamo a conoscerci: attivit\u00e0 esperienziali<\/strong>.<\/p>\n<p>Continuiamo a far conoscere e a promuovere le attivit\u00e0 dei singoli soci veneto, dedicando questo spazio all&#8217;interno dei consueti incontri regionali per conoscere le diverse professionalit\u00e0 (naturopati, arteterapeuti, consulenti filosofofici, consulenti olistici, musicoterapeuti, nutrizionisti, etc&#8230;). Un&#8217;occasione per dare visibilit\u00e0 ai soci e per scoprire possibili sinergie, collaborazioni e conoscenze. L\u2019associazione pu\u00f2 essere proprio la prima vetrina per promuovere e far conoscere le tante e bellissime attivit\u00e0 presenti nel territorio: per questo vi chiediamo la disponibilit\u00e0 di presentare, all\u2019 interno dell\u2019assemblea pomeridiana, la vostra professione, seguendo queste semplici indicazioni:<\/p>\n<ul>\n<li>Durata: 1 h di presentazione pratico-teorica<\/li>\n<li>Tema:\u00a0<strong>\u201cL\u2019importanza del lavoro in rete\u201d<\/strong><\/li>\n<\/ul>\n<p>Sar\u00e0 sicuramente \u00a0apprezzato il coinvolgimento della platea con attivit\u00e0 pratico esperienziali.\u00a0Come la scorsa volta, daremo spazio a due proposte.<\/p>\n<p>Per chi fosse interessato a proporsi, inviare una mail a\u00a0<strong><a class=\"m_7136336604552780969ox-0d72a5ad54-ox-614de75805-ox-02193677b2-mailto-link\" href=\"mailto:veneto@siafitalia.it\" target=\"_blank\">veneto@siafitalia.it<\/a><\/strong>, con un programma di massima\u00a0<strong>entro il 27\/08\/2017.<\/strong><\/p>\n<p>Il direttivo valuter\u00e0 le singole proposte e comunicher\u00e0 la sua scelta entro il giorno 8 settembre 2017.<\/p>\n<p>4) ore 17.00 &#8211; 17.30: <strong>assemblea<\/strong> per raccogliere eventuali condivisioni e richieste soci, e saluti finali.<\/p>\n<p>Essendo un\u2019iniziativa di formazione, per la giornata\u00a0<strong>verranno corrisposti 12 ECP.<\/strong><\/p>\n<p><strong>Tutti i soci partecipanti avranno la possibilit\u00e0 di portare il proprio materiale divulgativo ed informativo.<\/strong><\/p>\n<p>Le adesioni per la giornata (con il relativo pagamento), dovranno pervenire a questo indirizzo di posta elettronica (<a class=\"m_7136336604552780969ox-0d72a5ad54-ox-614de75805-ox-02193677b2-mailto-link\" href=\"mailto:veneto@siafitalia.it\" target=\"_blank\">veneto@siafitalia.it<\/a>), entro e non oltre il 13 settembre 2017, in modo da dare il tempo di organizzare il lavoro a chi far\u00e0 le proposte in base al numero dei partecipanti.<\/p>\n<p>Il contributo richiesto \u00a0per la partecipazione all\u2019intera \u00a0giornata, \u00e8 di \u20ac. 20,00. Da versare nella seguente modalit\u00e0:<\/p>\n<ul>\n<li>bonifico su conto intestato a :\u00a0<strong>SIAF ITALIA<em>. IBAN: IT04H0503402807000000001151<\/em><\/strong><\/li>\n<li>Causale: iscrizione giornata In-formazione Veneto 18\/09\/17, nome cognome.<\/li>\n<\/ul>\n<p><strong>Si richiede di inviare conferma via mail a questo indirizzo, con copia del bonifico effettuato, e nome e cognome per preparare l&#8217;attestato ECP.<\/strong><\/p>\n<p><strong>COME ARRIVARE\u00a0<\/strong><\/p>\n<p>La sede \u00e8 raggiungibile con il TRAM, oppure tramite gli autobus 13 e 18 con fermata \u00a0in Prato della Valle. Sono a disposizione dei soci una trentina di parcheggi gratuiti presso l\u2019 Antonianum. Invitiamo ad usare i mezzi pubblici per quanto possibile in modo da agevolare i colleghi che vengono da fuori citt\u00e0 e che possono trovare maggior disagio in una citt\u00e0 meno conosciuta.<br \/>\n<strong>Si ricorda di presentarsi con tesserino Siaf e in regola con la quota associativa<\/strong>.<\/p>\n<p>Sperando che questa giornata, che noi del direttivo abbiamo con tanto entusiasmo preparato, vi sia gradita, attendiamo le vostre domande, iscrizioni e proposte.<\/p>\n<p>Per altre info resto a completa disposizione.<\/p>\n<p>&#8212;&#8212;&#8212;&#8212;&#8212;&#8212;&#8212;&#8212;&#8212;&#8212;&#8212;&#8212;&#8212;&#8212;&#8212;&#8212;&#8212;&#8212;&#8212;&#8212;&#8212;&#8212;&#8212;&#8212;&#8212;&#8212;&#8212;&#8212;&#8212;&#8212;&#8212;&#8212;&#8212;&#8212;&#8212;&#8212;&#8212;&#8212;&#8212;&#8212;&#8212;&#8212;&#8212;&#8212;&#8212;&#8212;&#8212;&#8212;&#8212;&#8212;&#8212;&#8212;&#8212;&#8212;&#8212;&#8212;&#8212;&#8212;&#8212;<\/p>\n<p>Approfittiamo dell&#8217;occasione per anticiparvi\u00a0anche i prossimi appuntamenti:<\/p>\n<p><strong>19 OTTOBRE 2017<\/strong>:<strong> VIII Convegno Nazionale SIAF ITALIA<\/strong> \u00a0a Desenzano del Garda<\/p>\n<p>Questo il link per le informazioni pi\u00f9 dettagliate:\u00a0<a href=\"https:\/\/www.siafitalia.it\/blog\/viii-convegno-nazionale-siaf-italia\/\" target=\"_blank\">https:\/\/www.siafitalia.it\/blog\/viii-convegno-nazionale-siaf-italia\/<\/a><\/p>\n<p><strong>17 NOVEMBRE\u00a02017: TERZA GIORNATA SIAF VENETO IN-FORMAZIONE \u00a0E ASSEMBLEA ANNUALE SOCI<\/strong><\/p>\n<p>I dettagli di questa terza giornata, verranno comunicati il 18 settembre, ma avremo un intervento davvero interessante per le nostre professioni, con Elena Paccagnella, esperta di Counseling Filosofico e di Marketing, dal titolo: &#8220;La comunicazione e il marketing nella formazione, uno strumento indispensabile&#8221;. Nella pausa pranzo, si terr\u00e0 l&#8217;assemblea annuale dei soci del Veneto.<\/p>\n<p>Un caro saluto<br \/>\nAnnalisa Meneghini<\/p>\n<p>Presidenza SIAF Veneto<br \/>\nTel. <a href=\"tel:371%20155%203940\" target=\"_blank\">(+39) 371 155 3940<\/a><br \/>\n<a href=\"https:\/\/www.siafitalia.it\/veneto\/\" target=\"_blank\">https:\/\/www.siafitalia.it\/veneto\/<\/a><\/p>\n<p>Riferimento Nazionale SIAF Italia <a href=\"https:\/\/www.siafitalia.it\/\" target=\"_blank\">https:\/\/www.siafitalia.it\/<\/a><\/p>\n<p>SIAF Italia\u00a0\u2013 Regione Veneto<br \/>\nProfessionisti disciplinati ai sensi della legge 4\/2013<\/p>\n<p>Il contenuto della presente \u00e8 rivolto al destinatario e riservato con divieto di diffusione e di uso nei giudizi, salva espressa autorizzazione scritta e, nel caso di utilizzo, la diffusione e la comunicazione da parte di soggetto diverso dal destinatario \u00e8 vietata dall\u2019art. 616 e ss.\u00a0\u00a0c.p. e dal Dlgs n. 196\/03.<\/p>\n<\/div>\n<div class=\"m_7136336604552780969ox-0d72a5ad54-ox-614de75805-io-ox-signature\">\n<p>Un caro saluto<br \/>\nAnnalisa Meneghini<\/p>\n<p>Presidenza SIAF Veneto<br \/>\nTel. <a href=\"tel:371%20155%203940\" target=\"_blank\">(+39) 371 155 3940<\/a><br \/>\n<a href=\"https:\/\/www.siafitalia.it\/veneto\/\" target=\"_blank\">https:\/\/www.siafitalia.it\/veneto\/<\/a><\/p>\n<p>Riferimento Nazionale SIAF Italia <a href=\"https:\/\/www.siafitalia.it\/\" target=\"_blank\">https:\/\/www.siafitalia.it\/<\/a><\/p>\n<p>SIAF Italia\u00a0\u2013 Regione Veneto<br \/>\nProfessionisti disciplinati ai sensi della legge 4\/2013<\/p>\n<\/div>\n<\/blockquote>\n","protected":false},"excerpt":{"rendered":"<p>Il giorno 18 settembre\u00a02017, dalle ore 9.30 alle ore 17.30, presso la sede del Centro Antonianum, via Prato della Valle 56, Padova, vi riproponiamo questa giornata che unisce il doppio obiettivo di fornirci informazioni preziose per le nostre professioni, e di continuare\u00a0il percorso iniziato lo scorso novembre: costruire con pazienza ed entusiasmo, una rete di [&hellip;]<\/p>\n","protected":false},"author":16,"featured_media":372,"comment_status":"closed","ping_status":"closed","sticky":false,"template":"","format":"standard","meta":{"footnotes":""},"categories":[9],"tags":[],"yoast_head":"<!-- This site is optimized with the Yoast SEO plugin v22.0 - https:\/\/yoast.com\/wordpress\/plugins\/seo\/ -->\r\n<title>SECONDA GIORNATA SIAF VENETO: IN-FORMAZIONE - SIAF Veneto<\/title>\r\n<meta name=\"robots\" content=\"index, follow, max-snippet:-1, max-image-preview:large, max-video-preview:-1\" \/>\r\n<link rel=\"canonical\" href=\"https:\/\/www.siafitalia.it\/veneto\/seconda-giornata-siaf-veneto-in-formazione\/\" \/>\r\n<meta name=\"twitter:label1\" content=\"Scritto da\" \/>\n\t<meta name=\"twitter:data1\" content=\"veneto\" \/>\n\t<meta name=\"twitter:label2\" content=\"Tempo di lettura stimato\" \/>\n\t<meta name=\"twitter:data2\" content=\"4 minuti\" \/>\r\n<script type=\"application\/ld+json\" class=\"yoast-schema-graph\">{\"@context\":\"https:\/\/schema.org\",\"@graph\":[{\"@type\":\"WebPage\",\"@id\":\"https:\/\/www.siafitalia.it\/veneto\/seconda-giornata-siaf-veneto-in-formazione\/\",\"url\":\"https:\/\/www.siafitalia.it\/veneto\/seconda-giornata-siaf-veneto-in-formazione\/\",\"name\":\"SECONDA GIORNATA SIAF VENETO: IN-FORMAZIONE - SIAF Veneto\",\"isPartOf\":{\"@id\":\"https:\/\/www.siafitalia.it\/veneto\/#website\"},\"datePublished\":\"2017-07-27T10:11:31+00:00\",\"dateModified\":\"2017-07-27T10:11:31+00:00\",\"author\":{\"@id\":\"https:\/\/www.siafitalia.it\/veneto\/#\/schema\/person\/0983ac07207b0202eebda0e627e1f136\"},\"inLanguage\":\"it-IT\",\"potentialAction\":[{\"@type\":\"ReadAction\",\"target\":[\"https:\/\/www.siafitalia.it\/veneto\/seconda-giornata-siaf-veneto-in-formazione\/\"]}]},{\"@type\":\"WebSite\",\"@id\":\"https:\/\/www.siafitalia.it\/veneto\/#website\",\"url\":\"https:\/\/www.siafitalia.it\/veneto\/\",\"name\":\"SIAF Veneto\",\"description\":\"Societa&#039; Italiana Armonizzatori Familiari,\",\"potentialAction\":[{\"@type\":\"SearchAction\",\"target\":{\"@type\":\"EntryPoint\",\"urlTemplate\":\"https:\/\/www.siafitalia.it\/veneto\/?s={search_term_string}\"},\"query-input\":\"required name=search_term_string\"}],\"inLanguage\":\"it-IT\"},{\"@type\":\"Person\",\"@id\":\"https:\/\/www.siafitalia.it\/veneto\/#\/schema\/person\/0983ac07207b0202eebda0e627e1f136\",\"name\":\"veneto\",\"image\":{\"@type\":\"ImageObject\",\"inLanguage\":\"it-IT\",\"@id\":\"https:\/\/www.siafitalia.it\/veneto\/#\/schema\/person\/image\/\",\"url\":\"https:\/\/secure.gravatar.com\/avatar\/f997456e04bc7d2cf2d952bd2d1fef2c?s=96&d=mm&r=g\",\"contentUrl\":\"https:\/\/secure.gravatar.com\/avatar\/f997456e04bc7d2cf2d952bd2d1fef2c?s=96&d=mm&r=g\",\"caption\":\"veneto\"},\"url\":\"https:\/\/www.siafitalia.it\/veneto\/author\/veneto\/\"}]}<\/script>\r\n<!-- \/ Yoast SEO plugin. -->","yoast_head_json":{"title":"SECONDA GIORNATA SIAF VENETO: IN-FORMAZIONE - SIAF Veneto","robots":{"index":"index","follow":"follow","max-snippet":"max-snippet:-1","max-image-preview":"max-image-preview:large","max-video-preview":"max-video-preview:-1"},"canonical":"https:\/\/www.siafitalia.it\/veneto\/seconda-giornata-siaf-veneto-in-formazione\/","twitter_misc":{"Scritto da":"veneto","Tempo di lettura stimato":"4 minuti"},"schema":{"@context":"https:\/\/schema.org","@graph":[{"@type":"WebPage","@id":"https:\/\/www.siafitalia.it\/veneto\/seconda-giornata-siaf-veneto-in-formazione\/","url":"https:\/\/www.siafitalia.it\/veneto\/seconda-giornata-siaf-veneto-in-formazione\/","name":"SECONDA GIORNATA SIAF VENETO: IN-FORMAZIONE - SIAF Veneto","isPartOf":{"@id":"https:\/\/www.siafitalia.it\/veneto\/#website"},"datePublished":"2017-07-27T10:11:31+00:00","dateModified":"2017-07-27T10:11:31+00:00","author":{"@id":"https:\/\/www.siafitalia.it\/veneto\/#\/schema\/person\/0983ac07207b0202eebda0e627e1f136"},"inLanguage":"it-IT","potentialAction":[{"@type":"ReadAction","target":["https:\/\/www.siafitalia.it\/veneto\/seconda-giornata-siaf-veneto-in-formazione\/"]}]},{"@type":"WebSite","@id":"https:\/\/www.siafitalia.it\/veneto\/#website","url":"https:\/\/www.siafitalia.it\/veneto\/","name":"SIAF Veneto","description":"Societa&#039; Italiana Armonizzatori Familiari,","potentialAction":[{"@type":"SearchAction","target":{"@type":"EntryPoint","urlTemplate":"https:\/\/www.siafitalia.it\/veneto\/?s={search_term_string}"},"query-input":"required name=search_term_string"}],"inLanguage":"it-IT"},{"@type":"Person","@id":"https:\/\/www.siafitalia.it\/veneto\/#\/schema\/person\/0983ac07207b0202eebda0e627e1f136","name":"veneto","image":{"@type":"ImageObject","inLanguage":"it-IT","@id":"https:\/\/www.siafitalia.it\/veneto\/#\/schema\/person\/image\/","url":"https:\/\/secure.gravatar.com\/avatar\/f997456e04bc7d2cf2d952bd2d1fef2c?s=96&d=mm&r=g","contentUrl":"https:\/\/secure.gravatar.com\/avatar\/f997456e04bc7d2cf2d952bd2d1fef2c?s=96&d=mm&r=g","caption":"veneto"},"url":"https:\/\/www.siafitalia.it\/veneto\/author\/veneto\/"}]}},"_links":{"self":[{"href":"https:\/\/www.siafitalia.it\/veneto\/wp-json\/wp\/v2\/posts\/371"}],"collection":[{"href":"https:\/\/www.siafitalia.it\/veneto\/wp-json\/wp\/v2\/posts"}],"about":[{"href":"https:\/\/www.siafitalia.it\/veneto\/wp-json\/wp\/v2\/types\/post"}],"author":[{"embeddable":true,"href":"https:\/\/www.siafitalia.it\/veneto\/wp-json\/wp\/v2\/users\/16"}],"replies":[{"embeddable":true,"href":"https:\/\/www.siafitalia.it\/veneto\/wp-json\/wp\/v2\/comments?post=371"}],"version-history":[{"count":1,"href":"https:\/\/www.siafitalia.it\/veneto\/wp-json\/wp\/v2\/posts\/371\/revisions"}],"predecessor-version":[{"id":373,"href":"https:\/\/www.siafitalia.it\/veneto\/wp-json\/wp\/v2\/posts\/371\/revisions\/373"}],"wp:featuredmedia":[{"embeddable":true,"href":"https:\/\/www.siafitalia.it\/veneto\/wp-json\/wp\/v2\/media\/372"}],"wp:attachment":[{"href":"https:\/\/www.siafitalia.it\/veneto\/wp-json\/wp\/v2\/media?parent=371"}],"wp:term":[{"taxonomy":"category","embeddable":true,"href":"https:\/\/www.siafitalia.it\/veneto\/wp-json\/wp\/v2\/categories?post=371"},{"taxonomy":"post_tag","embeddable":true,"href":"https:\/\/www.siafitalia.it\/veneto\/wp-json\/wp\/v2\/tags?post=371"}],"curies":[{"name":"wp","href":"https:\/\/api.w.org\/{rel}","templated":true}]}}