{"id":362,"date":"2016-10-26T17:54:36","date_gmt":"2016-10-26T15:54:36","guid":{"rendered":"https:\/\/www.siafitalia.it\/veneto\/?p=362"},"modified":"2016-10-26T17:54:58","modified_gmt":"2016-10-26T15:54:58","slug":"18-novembre-2016-prima-giornata-siaf-veneto-in-formazione","status":"publish","type":"post","link":"https:\/\/www.siafitalia.it\/veneto\/18-novembre-2016-prima-giornata-siaf-veneto-in-formazione\/","title":{"rendered":"18 novembre 2016: PRIMA GIORNATA SIAF VENETO: IN-FORMAZIONE"},"content":{"rendered":"<p>Cari soci,<\/p>\n<p>Dopo aver raccolto i vostri suggerimenti, emersi \u00a0dai questionari ricevuti, abbiamo organizzato per i soci del Veneto, una giornata di formazione:<\/p>\n<p><strong>PRIMA GIORNATA SIAF VENETO: IN-FORMAZIONE<\/strong><\/p>\n<p>Il giorno 18 novembre 2016, dalle ore 9.30 alle ore 17.30, presso la sede del Centro Giovanile Antonianum, via Prato della Valle 56, Padova, vi proponiamo questa giornata che unisce il doppio obiettivo di fornirci informazioni preziose per le nostre professioni, e di iniziare un percorso di conoscenza reciproca, cominciando cos\u00ec a costruire una rete di informazione e di collaborazione efficace, ricca e creativa.<\/p>\n<p>Questo il programma:<\/p>\n<p>1)\u00a0<strong>Incontro con il commercialista dott.<\/strong>\u00a0<strong>Boggian Claudio:\u00a0<\/strong>\u00a0specializzato in associazioni e professioni non regolamentate.<\/p>\n<p>Dalle ore 9.30 alle ore 15.00 (con pausa pranzo dalle 13 alle 14), che ci illustrer\u00e0 i seguenti punti:<\/p>\n<ul>\n<li>Nuovo Regime Forfettario: una opportunit\u00e0?<\/li>\n<li>Le Associazioni come veicolo di divulgazione degli scopi sociali<\/li>\n<li>Associazioni e lavoro.<\/li>\n<\/ul>\n<p>ENTRO IL 31 OTTOBRE, vi offriamo la possibilit\u00e0 di inviarci (\u00a0<a href=\"mailto:veneto@siafitalia.it\" target=\"_blank\">veneto@siafitalia.it<\/a>\u00a0) i vostri quesiti specifici, inerenti a questi tre punti, da sottoporre al commercialista, in quanto si \u00e8 reso disponibile a preparare l\u2019intervento tenendo conto il pi\u00f9 possibile delle vostre specifiche esigenze.<\/p>\n<p>Cogliamo l\u2019occasione per informarVi, che Siaf Veneto ha appena stipulato\u00a0<strong>una convenzione<\/strong>\u00a0con il dott. Boggian, molto vantaggiosa per tutti i soci SIAF Veneto, che vi verr\u00e0 illustrata all\u2019interno dei lavori.<\/p>\n<p>2)\u00a0<strong>Impariamo a conoscerci: attivit\u00e0 esperienziali<\/strong>.<\/p>\n<p>Dalle ore 15.00 alle ore 17.30<\/p>\n<p>Per promuovere e far conoscere le attivit\u00e0 dei singoli soci veneto, abbiamo pensato di dedicare uno spazio all\u2019interno dei consueti incontri regionali per conoscere le diverse professionalit\u00e0 (naturopati, arteterapeuti, consulenti filosofofici, consulenti olistici, musicoterapeuti, nutrizionisti, etc\u2026). Abbiamo costruito un format teorico e pratico, che verr\u00e0 ciclicamente riproposto, per dare visibilit\u00e0 ai soci e diventare un\u2019occasione per scoprire possibili sinergie, collaborazioni e conoscenze. L\u2019associazione pu\u00f2 essere proprio la prima vetrina per promuovere e far conoscere le tante e bellissime attivit\u00e0 presenti nel territorio: per questo vi chiediamo la disponibilit\u00e0 di presentare, all\u2019 interno dell\u2019assemblea pomeridiana, la vostra professione, seguendo queste semplici indicazioni:<\/p>\n<ul>\n<li>Durata: 1 h di presentazione pratico-teorica<\/li>\n<li>Tema:\u00a0<strong>\u201cL\u2019importanza del gruppo\u201d<\/strong><\/li>\n<\/ul>\n<p>Sar\u00e0 sicuramente \u00a0apprezzato il coinvolgimento della platea con attivit\u00e0 pratico esperienziali. In questo primo pomeriggio, daremo spazio a due vostre attivit\u00e0.<\/p>\n<p>Per chi fosse interessato a proporsi, inviare una mail a\u00a0<strong><a href=\"mailto:veneto@siafitalia.it\" target=\"_blank\">veneto@siafitalia.it<\/a><\/strong>, con un programma di massima\u00a0<strong>entro il 31\/10\/2016.\u00a0<\/strong><\/p>\n<p>Il direttivo valuter\u00e0 le singole proposte e vi contatter\u00e0 entro il giorno 8 novembre per la risposta.<\/p>\n<p>Essendo un\u2019iniziativa di formazione, per la giornata\u00a0<strong>verranno corrisposti 12 ECP.<\/strong><\/p>\n<p><strong>Tutti i soci partecipanti avranno la possibilit\u00e0 di portare il proprio materiale divulgativo ed informativo.<\/strong><\/p>\n<p>Le adesioni per la giornata, dovranno pervenire a questo indirizzo di posta elettronica (\u00a0<a href=\"mailto:veneto@siafitalia.it\" target=\"_blank\">veneto@siafitalia.it<\/a>\u00a0) ,\u00a0entro e non oltre il 13 novembre 2016, in modo da dare il tempo di organizzare il lavoro a chi far\u00e0 le proposte, in base al numero dei partecipanti.<\/p>\n<p>Il contributo richiesto \u00a0per la partecipazione all\u2019 intera \u00a0giornata, \u00e8 di \u20ac. 18,00. Da versare, sempre entro il 13 novembre 2016, nelle seguenti modalit\u00e0:<\/p>\n<ul>\n<li>Bonifico su conto intestato a:\u00a0<em>Meneghini Annalisa. IBAN: \u00a0IT 84 D 07601 05138 243902043905<strong>.<\/strong><\/em><\/li>\n<\/ul>\n<p>Causale: iscrizione giornata in-formazione 18\/11\/16, nome cognome.<\/p>\n<p><strong>Si richiede di inviare conferma via mail, con copia del bonifico effettuato, e nome e cognome per preparare l\u2019attestato ECP.<\/strong><\/p>\n<ul>\n<li>Ricarica Postepay: Carta Postepay intestata a:\u00a0<em>Meneghini Annalisa (MNG NLS 67R65 L736U), n. 5333 1710 2384 2590<\/em>.<\/li>\n<\/ul>\n<p><strong>Anche in questo caso, si richiede di inviare conferma via mail, con copia del talloncino della ricarica effettuata, con in evidenza l\u2019orario, in modo da identificare con chiarezza la provenienza e preparare l\u2019attestato ECP.<\/strong><\/p>\n<p><strong>COME ARRIVARE\u00a0<\/strong><\/p>\n<p>La sede \u00e8 raggiungibile con il TRAM, oppure tramite gli autobus 13 e 18 con fermata \u00a0in Prato della Valle. Sono a disposizione dei soci una trentina di parcheggi gratuiti presso l\u2019 Antonianum. Invitiamo ad usare i mezzi pubblici per quanto possibile in modo da agevolare i colleghi che vengono da fuori citt\u00e0 e che possono trovare maggior disagio in una citt\u00e0 meno conosciuta.<br \/>\n<strong>Si ricorda di presentarsi con tesserino Siaf e in regola con la quota associativa<\/strong>.???<\/p>\n<p>Sperando che questa giornata, che noi del direttivo abbiamo con tanto entusiasmo preparato, vi sia gradita, attendiamo le vostre domande, le vostre iscrizioni, le vostre proposte.<\/p>\n<p>Per altre info resto a completa disposizione.<\/p>\n<p>Un caro saluto<br \/>\nAnnalisa Meneghini<\/p>\n<p>Presidenza SIAF Veneto<br \/>\nTel.\u00a0<a href=\"tel:%28%2B39%29%20371%20155%203940\" target=\"_blank\">(+39) 371 155 3940<\/a><br \/>\n<a href=\"https:\/\/www.siafitalia.it\/veneto\/\" target=\"_blank\">https:\/\/www.siafitalia.it\/veneto\/<\/a><\/p>\n<p>Riferimento Nazionale SIAF Italia\u00a0<a href=\"https:\/\/www.siafitalia.it\/\" target=\"_blank\">https:\/\/www.siafitalia.it\/<\/a><\/p>\n<p>SIAF Italia\u00a0\u2013 Regione Veneto<br \/>\nProfessionisti disciplinati ai sensi della legge 4\/2013<\/p>\n","protected":false},"excerpt":{"rendered":"<p>Cari soci, Dopo aver raccolto i vostri suggerimenti, emersi \u00a0dai questionari ricevuti, abbiamo organizzato per i soci del Veneto, una giornata di formazione: PRIMA GIORNATA SIAF VENETO: IN-FORMAZIONE Il giorno 18 novembre 2016, dalle ore 9.30 alle ore 17.30, presso la sede del Centro Giovanile Antonianum, via Prato della Valle 56, Padova, vi proponiamo questa [&hellip;]<\/p>\n","protected":false},"author":16,"featured_media":365,"comment_status":"closed","ping_status":"closed","sticky":false,"template":"","format":"standard","meta":{"footnotes":""},"categories":[9],"tags":[],"yoast_head":"<!-- This site is optimized with the Yoast SEO plugin v22.0 - https:\/\/yoast.com\/wordpress\/plugins\/seo\/ -->\r\n<title>18 novembre 2016: PRIMA GIORNATA SIAF VENETO: IN-FORMAZIONE - SIAF Veneto<\/title>\r\n<meta name=\"robots\" content=\"index, follow, max-snippet:-1, max-image-preview:large, max-video-preview:-1\" \/>\r\n<link rel=\"canonical\" href=\"https:\/\/www.siafitalia.it\/veneto\/18-novembre-2016-prima-giornata-siaf-veneto-in-formazione\/\" \/>\r\n<meta name=\"twitter:label1\" content=\"Scritto da\" \/>\n\t<meta name=\"twitter:data1\" content=\"veneto\" \/>\n\t<meta name=\"twitter:label2\" content=\"Tempo di lettura stimato\" \/>\n\t<meta name=\"twitter:data2\" content=\"4 minuti\" \/>\r\n<script type=\"application\/ld+json\" class=\"yoast-schema-graph\">{\"@context\":\"https:\/\/schema.org\",\"@graph\":[{\"@type\":\"WebPage\",\"@id\":\"https:\/\/www.siafitalia.it\/veneto\/18-novembre-2016-prima-giornata-siaf-veneto-in-formazione\/\",\"url\":\"https:\/\/www.siafitalia.it\/veneto\/18-novembre-2016-prima-giornata-siaf-veneto-in-formazione\/\",\"name\":\"18 novembre 2016: PRIMA GIORNATA SIAF VENETO: IN-FORMAZIONE - SIAF Veneto\",\"isPartOf\":{\"@id\":\"https:\/\/www.siafitalia.it\/veneto\/#website\"},\"datePublished\":\"2016-10-26T15:54:36+00:00\",\"dateModified\":\"2016-10-26T15:54:58+00:00\",\"author\":{\"@id\":\"https:\/\/www.siafitalia.it\/veneto\/#\/schema\/person\/0983ac07207b0202eebda0e627e1f136\"},\"inLanguage\":\"it-IT\",\"potentialAction\":[{\"@type\":\"ReadAction\",\"target\":[\"https:\/\/www.siafitalia.it\/veneto\/18-novembre-2016-prima-giornata-siaf-veneto-in-formazione\/\"]}]},{\"@type\":\"WebSite\",\"@id\":\"https:\/\/www.siafitalia.it\/veneto\/#website\",\"url\":\"https:\/\/www.siafitalia.it\/veneto\/\",\"name\":\"SIAF Veneto\",\"description\":\"Societa&#039; Italiana Armonizzatori Familiari,\",\"potentialAction\":[{\"@type\":\"SearchAction\",\"target\":{\"@type\":\"EntryPoint\",\"urlTemplate\":\"https:\/\/www.siafitalia.it\/veneto\/?s={search_term_string}\"},\"query-input\":\"required name=search_term_string\"}],\"inLanguage\":\"it-IT\"},{\"@type\":\"Person\",\"@id\":\"https:\/\/www.siafitalia.it\/veneto\/#\/schema\/person\/0983ac07207b0202eebda0e627e1f136\",\"name\":\"veneto\",\"image\":{\"@type\":\"ImageObject\",\"inLanguage\":\"it-IT\",\"@id\":\"https:\/\/www.siafitalia.it\/veneto\/#\/schema\/person\/image\/\",\"url\":\"https:\/\/secure.gravatar.com\/avatar\/f997456e04bc7d2cf2d952bd2d1fef2c?s=96&d=mm&r=g\",\"contentUrl\":\"https:\/\/secure.gravatar.com\/avatar\/f997456e04bc7d2cf2d952bd2d1fef2c?s=96&d=mm&r=g\",\"caption\":\"veneto\"},\"url\":\"https:\/\/www.siafitalia.it\/veneto\/author\/veneto\/\"}]}<\/script>\r\n<!-- \/ Yoast SEO plugin. -->","yoast_head_json":{"title":"18 novembre 2016: PRIMA GIORNATA SIAF VENETO: IN-FORMAZIONE - SIAF Veneto","robots":{"index":"index","follow":"follow","max-snippet":"max-snippet:-1","max-image-preview":"max-image-preview:large","max-video-preview":"max-video-preview:-1"},"canonical":"https:\/\/www.siafitalia.it\/veneto\/18-novembre-2016-prima-giornata-siaf-veneto-in-formazione\/","twitter_misc":{"Scritto da":"veneto","Tempo di lettura stimato":"4 minuti"},"schema":{"@context":"https:\/\/schema.org","@graph":[{"@type":"WebPage","@id":"https:\/\/www.siafitalia.it\/veneto\/18-novembre-2016-prima-giornata-siaf-veneto-in-formazione\/","url":"https:\/\/www.siafitalia.it\/veneto\/18-novembre-2016-prima-giornata-siaf-veneto-in-formazione\/","name":"18 novembre 2016: PRIMA GIORNATA SIAF VENETO: IN-FORMAZIONE - SIAF Veneto","isPartOf":{"@id":"https:\/\/www.siafitalia.it\/veneto\/#website"},"datePublished":"2016-10-26T15:54:36+00:00","dateModified":"2016-10-26T15:54:58+00:00","author":{"@id":"https:\/\/www.siafitalia.it\/veneto\/#\/schema\/person\/0983ac07207b0202eebda0e627e1f136"},"inLanguage":"it-IT","potentialAction":[{"@type":"ReadAction","target":["https:\/\/www.siafitalia.it\/veneto\/18-novembre-2016-prima-giornata-siaf-veneto-in-formazione\/"]}]},{"@type":"WebSite","@id":"https:\/\/www.siafitalia.it\/veneto\/#website","url":"https:\/\/www.siafitalia.it\/veneto\/","name":"SIAF Veneto","description":"Societa&#039; Italiana Armonizzatori Familiari,","potentialAction":[{"@type":"SearchAction","target":{"@type":"EntryPoint","urlTemplate":"https:\/\/www.siafitalia.it\/veneto\/?s={search_term_string}"},"query-input":"required name=search_term_string"}],"inLanguage":"it-IT"},{"@type":"Person","@id":"https:\/\/www.siafitalia.it\/veneto\/#\/schema\/person\/0983ac07207b0202eebda0e627e1f136","name":"veneto","image":{"@type":"ImageObject","inLanguage":"it-IT","@id":"https:\/\/www.siafitalia.it\/veneto\/#\/schema\/person\/image\/","url":"https:\/\/secure.gravatar.com\/avatar\/f997456e04bc7d2cf2d952bd2d1fef2c?s=96&d=mm&r=g","contentUrl":"https:\/\/secure.gravatar.com\/avatar\/f997456e04bc7d2cf2d952bd2d1fef2c?s=96&d=mm&r=g","caption":"veneto"},"url":"https:\/\/www.siafitalia.it\/veneto\/author\/veneto\/"}]}},"_links":{"self":[{"href":"https:\/\/www.siafitalia.it\/veneto\/wp-json\/wp\/v2\/posts\/362"}],"collection":[{"href":"https:\/\/www.siafitalia.it\/veneto\/wp-json\/wp\/v2\/posts"}],"about":[{"href":"https:\/\/www.siafitalia.it\/veneto\/wp-json\/wp\/v2\/types\/post"}],"author":[{"embeddable":true,"href":"https:\/\/www.siafitalia.it\/veneto\/wp-json\/wp\/v2\/users\/16"}],"replies":[{"embeddable":true,"href":"https:\/\/www.siafitalia.it\/veneto\/wp-json\/wp\/v2\/comments?post=362"}],"version-history":[{"count":1,"href":"https:\/\/www.siafitalia.it\/veneto\/wp-json\/wp\/v2\/posts\/362\/revisions"}],"predecessor-version":[{"id":364,"href":"https:\/\/www.siafitalia.it\/veneto\/wp-json\/wp\/v2\/posts\/362\/revisions\/364"}],"wp:featuredmedia":[{"embeddable":true,"href":"https:\/\/www.siafitalia.it\/veneto\/wp-json\/wp\/v2\/media\/365"}],"wp:attachment":[{"href":"https:\/\/www.siafitalia.it\/veneto\/wp-json\/wp\/v2\/media?parent=362"}],"wp:term":[{"taxonomy":"category","embeddable":true,"href":"https:\/\/www.siafitalia.it\/veneto\/wp-json\/wp\/v2\/categories?post=362"},{"taxonomy":"post_tag","embeddable":true,"href":"https:\/\/www.siafitalia.it\/veneto\/wp-json\/wp\/v2\/tags?post=362"}],"curies":[{"name":"wp","href":"https:\/\/api.w.org\/{rel}","templated":true}]}}