{"id":284,"date":"2015-02-26T10:38:33","date_gmt":"2015-02-26T09:38:33","guid":{"rendered":"https:\/\/www.siafitalia.it\/veneto\/?p=284"},"modified":"2015-02-26T10:39:15","modified_gmt":"2015-02-26T09:39:15","slug":"convocazione-assemblea-soci-siaf-veneto","status":"publish","type":"post","link":"https:\/\/www.siafitalia.it\/veneto\/convocazione-assemblea-soci-siaf-veneto\/","title":{"rendered":"Convocazione Assemblea Soci SIAF Veneto"},"content":{"rendered":"<p style=\"text-align: center\" align=\"center\"><b>Convocazione<\/b><\/p>\n<p style=\"text-align: center\" align=\"center\"><b>SOCI REGIONE VENETO<\/b><\/p>\n<p style=\"text-align: center\" align=\"center\"><b>06\/03\/2015 Ore 17:00<\/b><\/p>\n<p style=\"text-align: center\" align=\"center\"><b>in Padova, Sotto il Volto<\/b><\/p>\n<p style=\"text-align: center\" align=\"center\"><b>Piazza dei Signori\u00a0<\/b><\/p>\n<p style=\"text-align: center\" align=\"center\"><b>(adiacente al Palazzo del Capitano)<\/b><\/p>\n<p style=\"text-align: center\" align=\"center\"><b>Sala Caduti di Nassirya<\/b><\/p>\n<p>&nbsp;<\/p>\n<p>Gentile Socio della Regione Veneto,<\/p>\n<p>&nbsp;<\/p>\n<p>Le comunichiamo che il giorno\u00a0<b>06\/03\/2015 alle ore 17:00<\/b>\u00a0in Piazza dei Signori a Padova\u00a0? la Sala Ex Caduti di Nassirya,\u00a0avr\u00e0 luogo l&#8217;<b>assemblea regionale dei soci della Regione Veneto<\/b>\u00a0per eleggere i 5 membri del Consiglio Direttivo Regionale, cos\u00ec\u00a0come previsto dal Regolamento attuativo per le sedi periferiche in corso di attuazione.<\/p>\n<p>&nbsp;<\/p>\n<p>Qualora fosse impossibilitato a partecipare, potr\u00e0 delegare un altro socio, il quale non pu\u00f2 riportare pi\u00f9 di 5 deleghe (utilizzando esclusivamente il modulo allegato alla presente). Non possono votare i soci in formazione e i soci morosi!<\/p>\n<p>&nbsp;<\/p>\n<p>L&#8217;ordine del giorno \u00e8 il seguente:<\/p>\n<p>-Elezione della Commissione Elettorale<\/p>\n<p>-Presentazione delle liste elettorali<\/p>\n<p>-Insediamento ed apertura del seggio elettorale<\/p>\n<p>-Chiusura del seggio elettorale<\/p>\n<p>-Proclamazione degli eletti<\/p>\n<p>-Assegnazione dei proventi del corso di formazione tenutosi il giorno 06\/03\/15<\/p>\n<p>-Dibattito<\/p>\n<p>-Conclusioni<\/p>\n<p>&nbsp;<\/p>\n<p>Le ricordiamo inoltre che in data\u00a0<b>06\/03\/15 dalle ore 09:00 alle ore 17:00<\/b>, presso la stessa sede, si terr\u00e0 il\u00a0<b>corso sulla deontologia professionale<\/b>\u00a0coordinato dal Coordinatore d&#8217;Area S.I.A.F., Alberto Mantovani e dal vicepresidente S.I.A.F., dott. Valerio Sgalambro.<\/p>\n<p>&nbsp;<\/p>\n<p>Possono partecipare al corso anche i soci delle altre regioni e gli utenti esterni per un costo complessivo di 20 euro:\u00a0<a href=\"https:\/\/www.siafitalia.it\/iscrizione-soci\/pagamento\/\" target=\"_blank\">https:\/\/www.siafitalia.it\/iscrizione-soci\/pagamento\/<\/a>. Verr\u00e0 rilasciato l&#8217;attestato di partecipazione con i relativi 10 ECP deontologici.<\/p>\n","protected":false},"excerpt":{"rendered":"<p>Convocazione SOCI REGIONE VENETO 06\/03\/2015 Ore 17:00 in Padova, Sotto il Volto Piazza dei Signori\u00a0 (adiacente al Palazzo del Capitano) Sala Caduti di Nassirya &nbsp; Gentile Socio della Regione Veneto, &nbsp; Le comunichiamo che il giorno\u00a006\/03\/2015 alle ore 17:00\u00a0in Piazza dei Signori a Padova\u00a0? la Sala Ex Caduti di Nassirya,\u00a0avr\u00e0 luogo l&#8217;assemblea regionale dei soci [&hellip;]<\/p>\n","protected":false},"author":16,"featured_media":0,"comment_status":"closed","ping_status":"closed","sticky":false,"template":"","format":"standard","meta":{"footnotes":""},"categories":[9],"tags":[],"yoast_head":"<!-- This site is optimized with the Yoast SEO plugin v22.0 - https:\/\/yoast.com\/wordpress\/plugins\/seo\/ -->\r\n<title>Convocazione Assemblea Soci SIAF Veneto - SIAF Veneto<\/title>\r\n<meta name=\"robots\" content=\"index, follow, max-snippet:-1, max-image-preview:large, max-video-preview:-1\" \/>\r\n<link rel=\"canonical\" href=\"https:\/\/www.siafitalia.it\/veneto\/convocazione-assemblea-soci-siaf-veneto\/\" \/>\r\n<meta name=\"twitter:label1\" content=\"Scritto da\" \/>\n\t<meta name=\"twitter:data1\" content=\"veneto\" \/>\n\t<meta name=\"twitter:label2\" content=\"Tempo di lettura stimato\" \/>\n\t<meta name=\"twitter:data2\" content=\"1 minuto\" \/>\r\n<script type=\"application\/ld+json\" class=\"yoast-schema-graph\">{\"@context\":\"https:\/\/schema.org\",\"@graph\":[{\"@type\":\"WebPage\",\"@id\":\"https:\/\/www.siafitalia.it\/veneto\/convocazione-assemblea-soci-siaf-veneto\/\",\"url\":\"https:\/\/www.siafitalia.it\/veneto\/convocazione-assemblea-soci-siaf-veneto\/\",\"name\":\"Convocazione Assemblea Soci SIAF Veneto - SIAF Veneto\",\"isPartOf\":{\"@id\":\"https:\/\/www.siafitalia.it\/veneto\/#website\"},\"datePublished\":\"2015-02-26T09:38:33+00:00\",\"dateModified\":\"2015-02-26T09:39:15+00:00\",\"author\":{\"@id\":\"https:\/\/www.siafitalia.it\/veneto\/#\/schema\/person\/0983ac07207b0202eebda0e627e1f136\"},\"inLanguage\":\"it-IT\",\"potentialAction\":[{\"@type\":\"ReadAction\",\"target\":[\"https:\/\/www.siafitalia.it\/veneto\/convocazione-assemblea-soci-siaf-veneto\/\"]}]},{\"@type\":\"WebSite\",\"@id\":\"https:\/\/www.siafitalia.it\/veneto\/#website\",\"url\":\"https:\/\/www.siafitalia.it\/veneto\/\",\"name\":\"SIAF Veneto\",\"description\":\"Societa&#039; Italiana Armonizzatori Familiari,\",\"potentialAction\":[{\"@type\":\"SearchAction\",\"target\":{\"@type\":\"EntryPoint\",\"urlTemplate\":\"https:\/\/www.siafitalia.it\/veneto\/?s={search_term_string}\"},\"query-input\":\"required name=search_term_string\"}],\"inLanguage\":\"it-IT\"},{\"@type\":\"Person\",\"@id\":\"https:\/\/www.siafitalia.it\/veneto\/#\/schema\/person\/0983ac07207b0202eebda0e627e1f136\",\"name\":\"veneto\",\"image\":{\"@type\":\"ImageObject\",\"inLanguage\":\"it-IT\",\"@id\":\"https:\/\/www.siafitalia.it\/veneto\/#\/schema\/person\/image\/\",\"url\":\"https:\/\/secure.gravatar.com\/avatar\/f997456e04bc7d2cf2d952bd2d1fef2c?s=96&d=mm&r=g\",\"contentUrl\":\"https:\/\/secure.gravatar.com\/avatar\/f997456e04bc7d2cf2d952bd2d1fef2c?s=96&d=mm&r=g\",\"caption\":\"veneto\"},\"url\":\"https:\/\/www.siafitalia.it\/veneto\/author\/veneto\/\"}]}<\/script>\r\n<!-- \/ Yoast SEO plugin. -->","yoast_head_json":{"title":"Convocazione Assemblea Soci SIAF Veneto - SIAF Veneto","robots":{"index":"index","follow":"follow","max-snippet":"max-snippet:-1","max-image-preview":"max-image-preview:large","max-video-preview":"max-video-preview:-1"},"canonical":"https:\/\/www.siafitalia.it\/veneto\/convocazione-assemblea-soci-siaf-veneto\/","twitter_misc":{"Scritto da":"veneto","Tempo di lettura stimato":"1 minuto"},"schema":{"@context":"https:\/\/schema.org","@graph":[{"@type":"WebPage","@id":"https:\/\/www.siafitalia.it\/veneto\/convocazione-assemblea-soci-siaf-veneto\/","url":"https:\/\/www.siafitalia.it\/veneto\/convocazione-assemblea-soci-siaf-veneto\/","name":"Convocazione Assemblea Soci SIAF Veneto - SIAF Veneto","isPartOf":{"@id":"https:\/\/www.siafitalia.it\/veneto\/#website"},"datePublished":"2015-02-26T09:38:33+00:00","dateModified":"2015-02-26T09:39:15+00:00","author":{"@id":"https:\/\/www.siafitalia.it\/veneto\/#\/schema\/person\/0983ac07207b0202eebda0e627e1f136"},"inLanguage":"it-IT","potentialAction":[{"@type":"ReadAction","target":["https:\/\/www.siafitalia.it\/veneto\/convocazione-assemblea-soci-siaf-veneto\/"]}]},{"@type":"WebSite","@id":"https:\/\/www.siafitalia.it\/veneto\/#website","url":"https:\/\/www.siafitalia.it\/veneto\/","name":"SIAF Veneto","description":"Societa&#039; Italiana Armonizzatori Familiari,","potentialAction":[{"@type":"SearchAction","target":{"@type":"EntryPoint","urlTemplate":"https:\/\/www.siafitalia.it\/veneto\/?s={search_term_string}"},"query-input":"required name=search_term_string"}],"inLanguage":"it-IT"},{"@type":"Person","@id":"https:\/\/www.siafitalia.it\/veneto\/#\/schema\/person\/0983ac07207b0202eebda0e627e1f136","name":"veneto","image":{"@type":"ImageObject","inLanguage":"it-IT","@id":"https:\/\/www.siafitalia.it\/veneto\/#\/schema\/person\/image\/","url":"https:\/\/secure.gravatar.com\/avatar\/f997456e04bc7d2cf2d952bd2d1fef2c?s=96&d=mm&r=g","contentUrl":"https:\/\/secure.gravatar.com\/avatar\/f997456e04bc7d2cf2d952bd2d1fef2c?s=96&d=mm&r=g","caption":"veneto"},"url":"https:\/\/www.siafitalia.it\/veneto\/author\/veneto\/"}]}},"_links":{"self":[{"href":"https:\/\/www.siafitalia.it\/veneto\/wp-json\/wp\/v2\/posts\/284"}],"collection":[{"href":"https:\/\/www.siafitalia.it\/veneto\/wp-json\/wp\/v2\/posts"}],"about":[{"href":"https:\/\/www.siafitalia.it\/veneto\/wp-json\/wp\/v2\/types\/post"}],"author":[{"embeddable":true,"href":"https:\/\/www.siafitalia.it\/veneto\/wp-json\/wp\/v2\/users\/16"}],"replies":[{"embeddable":true,"href":"https:\/\/www.siafitalia.it\/veneto\/wp-json\/wp\/v2\/comments?post=284"}],"version-history":[{"count":4,"href":"https:\/\/www.siafitalia.it\/veneto\/wp-json\/wp\/v2\/posts\/284\/revisions"}],"predecessor-version":[{"id":288,"href":"https:\/\/www.siafitalia.it\/veneto\/wp-json\/wp\/v2\/posts\/284\/revisions\/288"}],"wp:attachment":[{"href":"https:\/\/www.siafitalia.it\/veneto\/wp-json\/wp\/v2\/media?parent=284"}],"wp:term":[{"taxonomy":"category","embeddable":true,"href":"https:\/\/www.siafitalia.it\/veneto\/wp-json\/wp\/v2\/categories?post=284"},{"taxonomy":"post_tag","embeddable":true,"href":"https:\/\/www.siafitalia.it\/veneto\/wp-json\/wp\/v2\/tags?post=284"}],"curies":[{"name":"wp","href":"https:\/\/api.w.org\/{rel}","templated":true}]}}